{"id":86888,"date":"2024-05-28T11:55:00","date_gmt":"2024-05-28T09:55:00","guid":{"rendered":"https:\/\/venloop.nl\/?p=86888"},"modified":"2024-06-20T11:56:10","modified_gmt":"2024-06-20T09:56:10","slug":"die-9-ausgabe-von-wandele-naor-schandele","status":"publish","type":"post","link":"https:\/\/venloop.nl\/de\/die-9-ausgabe-von-wandele-naor-schandele\/","title":{"rendered":"Die 9. Ausgabe von \u201eWandele naor Schandele\u201c"},"content":{"rendered":"\n<h1 class=\"wp-block-heading\">Die 9. Ausgabe von \u201eWandele naor Schandele\u201c<\/h1>\n\n\n\n<p>Am <strong>Sonntag, dem 2. Juni,<\/strong> steht die 9. Ausgabe von \u201eWandele naor Schandele\u201c auf dem Programm. Es handelt sich um eine Wanderung, bei der drei verschiedene Strecken angeboten werden: <strong>8 km, 16 km und 24 km<\/strong>. Die Strecken, die durch die wundersch\u00f6ne Umgebung von Velden f\u00fchren, sind nicht nur atemberaubend, sondern der Erl\u00f6s geht auch an einen guten Zweck!<\/p>\n\n\n\n<p>Die Wanderveranstaltung \u201eWandele naor Schandele\u201c engagiert sich f\u00fcr den Kampf gegen Krebs. Jedes Jahr steht eine andere lokale Initiative im Blickpunkt der Veranstaltung, die mit diesem Engagement im Einklang steht.&nbsp;Der Erl\u00f6s der diesj\u00e4hrigen Ausgabe kommt dem <strong>\u201eTeam Kus van Kiki\u201c<\/strong> zu Gute.<\/p>\n\n\n\n<p>Erm\u00f6glicht wird diese sch\u00f6ne Veranstaltung durch unsere Partner. Gemeinsam werden wir einen weiteren gro\u00dfartigen Tag erleben. Du bist noch nicht angemeldet? Bis zum 31. Mai, 12:00 Uhr, kannst du dich noch \u00fcber <a href=\"https:\/\/venloop.nl\/wandelen\/wandele-naor-schandele\/inschrijven-wandele-naor-schandele\/\">diese Website<\/a> anmelden.<\/p>\n\n\n\n<figure class=\"wp-block-image size-large\"><img fetchpriority=\"high\" decoding=\"async\" width=\"1024\" height=\"1024\" src=\"https:\/\/venloop.nl\/wp-content\/uploads\/2024\/06\/WNS-Partners-2024-1024x1024.jpg\" alt=\"\" class=\"wp-image-86889\" srcset=\"https:\/\/venloop.nl\/wp-content\/uploads\/2024\/06\/WNS-Partners-2024-1024x1024.jpg 1024w, https:\/\/venloop.nl\/wp-content\/uploads\/2024\/06\/WNS-Partners-2024-300x300.jpg 300w, https:\/\/venloop.nl\/wp-content\/uploads\/2024\/06\/WNS-Partners-2024-150x150.jpg 150w, https:\/\/venloop.nl\/wp-content\/uploads\/2024\/06\/WNS-Partners-2024-768x768.jpg 768w, https:\/\/venloop.nl\/wp-content\/uploads\/2024\/06\/WNS-Partners-2024-700x700.jpg 700w, https:\/\/venloop.nl\/wp-content\/uploads\/2024\/06\/WNS-Partners-2024-600x600.jpg 600w, https:\/\/venloop.nl\/wp-content\/uploads\/2024\/06\/WNS-Partners-2024-100x100.jpg 100w, https:\/\/venloop.nl\/wp-content\/uploads\/2024\/06\/WNS-Partners-2024.jpg 1080w\" sizes=\"(max-width: 1024px) 100vw, 1024px\" \/><\/figure>\n","protected":false},"excerpt":{"rendered":"<p>Die 9. Ausgabe von \u201eWandele naor Schandele\u201c Am Sonntag, dem 2. Juni, steht die 9. Ausgabe von \u201eWandele naor Schandele\u201c auf dem Programm. Es handelt sich um eine Wanderung, bei der drei verschiedene Strecken angeboten werden: 8 km, 16 km und 24 km. Die Strecken, die durch die wundersch\u00f6ne Umgebung von Velden f\u00fchren, sind nicht [&hellip;]<\/p>\n","protected":false},"author":3,"featured_media":86889,"comment_status":"closed","ping_status":"closed","sticky":false,"template":"","format":"standard","meta":{"footnotes":""},"categories":[50],"tags":[],"class_list":["post-86888","post","type-post","status-publish","format-standard","has-post-thumbnail","hentry","category-nachrichten"],"_links":{"self":[{"href":"https:\/\/venloop.nl\/de\/wp-json\/wp\/v2\/posts\/86888","targetHints":{"allow":["GET"]}}],"collection":[{"href":"https:\/\/venloop.nl\/de\/wp-json\/wp\/v2\/posts"}],"about":[{"href":"https:\/\/venloop.nl\/de\/wp-json\/wp\/v2\/types\/post"}],"author":[{"embeddable":true,"href":"https:\/\/venloop.nl\/de\/wp-json\/wp\/v2\/users\/3"}],"replies":[{"embeddable":true,"href":"https:\/\/venloop.nl\/de\/wp-json\/wp\/v2\/comments?post=86888"}],"version-history":[{"count":1,"href":"https:\/\/venloop.nl\/de\/wp-json\/wp\/v2\/posts\/86888\/revisions"}],"predecessor-version":[{"id":86892,"href":"https:\/\/venloop.nl\/de\/wp-json\/wp\/v2\/posts\/86888\/revisions\/86892"}],"wp:featuredmedia":[{"embeddable":true,"href":"https:\/\/venloop.nl\/de\/wp-json\/wp\/v2\/media\/86889"}],"wp:attachment":[{"href":"https:\/\/venloop.nl\/de\/wp-json\/wp\/v2\/media?parent=86888"}],"wp:term":[{"taxonomy":"category","embeddable":true,"href":"https:\/\/venloop.nl\/de\/wp-json\/wp\/v2\/categories?post=86888"},{"taxonomy":"post_tag","embeddable":true,"href":"https:\/\/venloop.nl\/de\/wp-json\/wp\/v2\/tags?post=86888"}],"curies":[{"name":"wp","href":"https:\/\/api.w.org\/{rel}","templated":true}]}}